{"id":1235,"date":"2023-09-15T19:28:50","date_gmt":"2023-09-15T17:28:50","guid":{"rendered":"https:\/\/www.cecbacaspe.es\/site\/?p=1235"},"modified":"2024-06-26T16:41:46","modified_gmt":"2024-06-26T14:41:46","slug":"exposicion-y-conferencia-la-vera-cruz-de-caspe-religiosidad-y-patrimonio","status":"publish","type":"post","link":"https:\/\/www.cecbacaspe.es\/site\/2023\/09\/15\/exposicion-y-conferencia-la-vera-cruz-de-caspe-religiosidad-y-patrimonio\/","title":{"rendered":"Exposici\u00f3n y Conferencia : \u00abLa Vera Cruz de Caspe: Religiosidad y Patrimonio\u00bb"},"content":{"rendered":"<section class=\"wpb-content-wrapper\">[vc_row gap=\u00bb10&#8243; equal_height=\u00bbyes\u00bb][vc_column width=\u00bb1\/2&#8243; css=\u00bb.vc_custom_1674844164543{border-top-width: 2px !important;border-right-width: 2px !important;border-bottom-width: 2px !important;border-left-width: 2px !important;border-left-color: #fcd53a !important;border-left-style: solid !important;border-right-color: #fcd53a !important;border-right-style: solid !important;border-top-color: #fcd53a !important;border-top-style: solid !important;border-bottom-color: #fcd53a !important;border-bottom-style: solid !important;border-radius: 10px !important;}\u00bb][vc_column_text]\n<table border=\"0\" width=\"100%\">\n<tbody>\n<tr>\n<td style=\"text-align: right;\" align=\"right\" valign=\"top\">\n<h5>CUANDO:<\/h5>\n<\/td>\n<td>\u00bb La Vera Cruz de Caspe: Religiosidad y Patrimonio\u00bb<\/p>\n<p>Exposici\u00f3n\u00a0 del 15 al 29 de septiembre<\/p>\n<p>Conferencia Dr. D. Germ\u00e1n Navarro Espinach:<\/p>\n<p>22 septiembre, 2022 a las 20:30h<\/td>\n<\/tr>\n<tr>\n<td style=\"text-align: right;\" align=\"right\" valign=\"top\">\n<h5>D\u00d3NDE:<\/h5>\n<\/td>\n<td>Casa de Cultura<br \/>\nC\/ Guma n\u00ba 32<br \/>\n50700 Caspe (Zaragoza)<\/td>\n<\/tr>\n<tr>\n<td style=\"padding-left: 40px;\" align=\"right\" valign=\"top\">\n<h5>CONTACTO:<\/h5>\n<\/td>\n<td>CENTRO DE ESTUDIOS COMARCALES DEL BAJO ARAGON<br \/>\n976639088<br \/>\nadministracion@cecbacaspe.es<\/td>\n<\/tr>\n<\/tbody>\n<\/table>\n[\/vc_column_text][\/vc_column][vc_column width=\u00bb1\/2&#8243; css=\u00bb.vc_custom_1674844075664{border: 2px solid #fcd53a !important;border-radius: 10px !important;}\u00bb][vc_gmaps link=\u00bb#E-8_JTNDaWZyYW1lJTIwc3JjJTNEJTIyaHR0cHMlM0ElMkYlMkZ3d3cuZ29vZ2xlLmNvbSUyRm1hcHMlMkZlbWJlZCUzRnBiJTNEJTIxMW0xOCUyMTFtMTIlMjExbTMlMjExZDMxNS4zNjk3ODg1ODczNzE3JTIxMmQtMC4wNDMzODk3ODMwMjk4MjkyOSUyMTNkNDEuMjM2NTk1NjgwODkxODI0JTIxMm0zJTIxMWYwJTIxMmYwJTIxM2YwJTIxM20yJTIxMWkxMDI0JTIxMmk3NjglMjE0ZjEzLjElMjEzbTMlMjExbTIlMjExczB4ZDVmNTQ1NmMxNWZiYjExJTI1M0EweGRiYTg0MjBlM2RmZGIwYSUyMTJzQy4lMjUyMEd1bSUyNUMzJTI1QTElMjUyQyUyNTIwMzUlMjUyQyUyNTIwNTA3MDAlMjUyMENhc3BlJTI1MkMlMjUyMFphcmFnb3phJTIxNWUwJTIxM20yJTIxMXNlcyUyMTJzZXMlMjE0djE2NzQ4NDMyMTYwMDIlMjE1bTIlMjExc2VzJTIxMnNlcyUyMiUyMHdpZHRoJTNEJTIyNjAwJTIyJTIwaGVpZ2h0JTNEJTIyNDUwJTIyJTIwc3R5bGUlM0QlMjJib3JkZXIlM0EwJTNCJTIyJTIwYWxsb3dmdWxsc2NyZWVuJTNEJTIyJTIyJTIwbG9hZGluZyUzRCUyMmxhenklMjIlMjByZWZlcnJlcnBvbGljeSUzRCUyMm5vLXJlZmVycmVyLXdoZW4tZG93bmdyYWRlJTIyJTNFJTNDJTJGaWZyYW1lJTNF\u00bb title=\u00bbCasa de Cultura\u00bb][\/vc_column][\/vc_row][vc_row gap=\u00bb10&#8243; equal_height=\u00bbyes\u00bb css=\u00bb.vc_custom_1674844842846{margin-top: 20px !important;}\u00bb][vc_column css=\u00bb.vc_custom_1674844164543{border-top-width: 2px !important;border-right-width: 2px !important;border-bottom-width: 2px !important;border-left-width: 2px !important;border-left-color: #fcd53a !important;border-left-style: solid !important;border-right-color: #fcd53a !important;border-right-style: solid !important;border-top-color: #fcd53a !important;border-top-style: solid !important;border-bottom-color: #fcd53a !important;border-bottom-style: solid !important;border-radius: 10px !important;}\u00bb][vc_column_text]\n<p style=\"text-align: left;\">\u00bb La Vera Cruz de Caspe : Religiosidad y Patrimonio\u00bb consta de dos actividades, una exposici\u00f3n entre los d\u00edas 15 y 29 de septiembre en la sala de exposiciones de la Casa de Cultura y\u00a0 una charla del Dr. D. Germ\u00e1n Navarro Espinach, el d\u00eda 22 de septiembre en el sal\u00f3n de actos de la Casa de Cultura a las 20:30h.<\/p>\n<p style=\"text-align: left;\">Ambas dos actividades han sido impulsadas por\u00a0 el Centro de Estudios Comarcales del Bajo Arag\u00f3n-Caspe y por la Cofrad\u00eda del Sant\u00edsimo Sacramento y la Vera Cruz .<\/p>\n[\/vc_column_text][\/vc_column][\/vc_row]\n<\/section>","protected":false},"excerpt":{"rendered":"<p>\u00bb La Vera Cruz de Caspe : Religiosidad y Patrimonio\u00bb consta de dos actividades, una exposici\u00f3n entre los d\u00edas 15 y 29 de septiembre en la sala de exposiciones de la Casa de Cultura y\u00a0 una charla del Dr. D. Germ\u00e1n Navarro Espinach, el d\u00eda 22 de septiembre en el sal\u00f3n de actos de la Casa de Cultura a las 20:30h.<\/p>\n <a class=\"more-link\" href=\"https:\/\/www.cecbacaspe.es\/site\/2023\/09\/15\/exposicion-y-conferencia-la-vera-cruz-de-caspe-religiosidad-y-patrimonio\/\"><span class=\"more-msg\">Sigue leyendo &rarr;<\/span><\/a>","protected":false},"author":2,"featured_media":1238,"comment_status":"closed","ping_status":"open","sticky":false,"template":"","format":"standard","meta":{"_acf_changed":false,"footnotes":""},"categories":[30,52],"tags":[121],"acf":[],"_links":{"self":[{"href":"https:\/\/www.cecbacaspe.es\/site\/wp-json\/wp\/v2\/posts\/1235"}],"collection":[{"href":"https:\/\/www.cecbacaspe.es\/site\/wp-json\/wp\/v2\/posts"}],"about":[{"href":"https:\/\/www.cecbacaspe.es\/site\/wp-json\/wp\/v2\/types\/post"}],"author":[{"embeddable":true,"href":"https:\/\/www.cecbacaspe.es\/site\/wp-json\/wp\/v2\/users\/2"}],"replies":[{"embeddable":true,"href":"https:\/\/www.cecbacaspe.es\/site\/wp-json\/wp\/v2\/comments?post=1235"}],"version-history":[{"count":9,"href":"https:\/\/www.cecbacaspe.es\/site\/wp-json\/wp\/v2\/posts\/1235\/revisions"}],"predecessor-version":[{"id":1353,"href":"https:\/\/www.cecbacaspe.es\/site\/wp-json\/wp\/v2\/posts\/1235\/revisions\/1353"}],"wp:featuredmedia":[{"embeddable":true,"href":"https:\/\/www.cecbacaspe.es\/site\/wp-json\/wp\/v2\/media\/1238"}],"wp:attachment":[{"href":"https:\/\/www.cecbacaspe.es\/site\/wp-json\/wp\/v2\/media?parent=1235"}],"wp:term":[{"taxonomy":"category","embeddable":true,"href":"https:\/\/www.cecbacaspe.es\/site\/wp-json\/wp\/v2\/categories?post=1235"},{"taxonomy":"post_tag","embeddable":true,"href":"https:\/\/www.cecbacaspe.es\/site\/wp-json\/wp\/v2\/tags?post=1235"}],"curies":[{"name":"wp","href":"https:\/\/api.w.org\/{rel}","templated":true}]}}