{"id":1310,"date":"2024-04-03T18:32:34","date_gmt":"2024-04-03T16:32:34","guid":{"rendered":"https:\/\/www.cecbacaspe.es\/site\/?p=1310"},"modified":"2024-06-26T16:40:55","modified_gmt":"2024-06-26T14:40:55","slug":"jornadas-de-historia-contemporanea-2024","status":"publish","type":"post","link":"https:\/\/www.cecbacaspe.es\/site\/2024\/04\/03\/jornadas-de-historia-contemporanea-2024\/","title":{"rendered":"Jornadas de Historia Contemporanea 2024"},"content":{"rendered":"<section class=\"wpb-content-wrapper\">[vc_row gap=\u00bb10&#8243; equal_height=\u00bbyes\u00bb][vc_column width=\u00bb1\/2&#8243; css=\u00bb.vc_custom_1674844164543{border-top-width: 2px !important;border-right-width: 2px !important;border-bottom-width: 2px !important;border-left-width: 2px !important;border-left-color: #fcd53a !important;border-left-style: solid !important;border-right-color: #fcd53a !important;border-right-style: solid !important;border-top-color: #fcd53a !important;border-top-style: solid !important;border-bottom-color: #fcd53a !important;border-bottom-style: solid !important;border-radius: 10px !important;}\u00bb][vc_column_text]\n<table border=\"0\" width=\"100%\">\n<tbody>\n<tr>\n<td style=\"text-align: right;\" align=\"right\" valign=\"top\">\n<h5>CUANDO:<\/h5>\n<\/td>\n<td>17\u00a0 de abril al 20 de abril.<\/td>\n<\/tr>\n<tr>\n<td style=\"text-align: right;\" align=\"right\" valign=\"top\">\n<h5>D\u00d3NDE:<\/h5>\n<\/td>\n<td>Consultar informaci\u00f3n en el cartel para cada actividad.<\/td>\n<\/tr>\n<tr>\n<td style=\"padding-left: 40px;\" align=\"right\" valign=\"top\">\n<h5>CONTACTO:<\/h5>\n<\/td>\n<td>CENTRO DE ESTUDIOS COMARCALES DEL BAJO ARAGON<br \/>\n976639088<br \/>\nadministracion@cecbacaspe.es<\/td>\n<\/tr>\n<\/tbody>\n<\/table>\n[\/vc_column_text][\/vc_column][\/vc_row][vc_row gap=\u00bb10&#8243; equal_height=\u00bbyes\u00bb css=\u00bb.vc_custom_1674844842846{margin-top: 20px !important;}\u00bb][vc_column css=\u00bb.vc_custom_1674844164543{border-top-width: 2px !important;border-right-width: 2px !important;border-bottom-width: 2px !important;border-left-width: 2px !important;border-left-color: #fcd53a !important;border-left-style: solid !important;border-right-color: #fcd53a !important;border-right-style: solid !important;border-top-color: #fcd53a !important;border-top-style: solid !important;border-bottom-color: #fcd53a !important;border-bottom-style: solid !important;border-radius: 10px !important;}\u00bb][vc_column_text]\n<div class=\"xdj266r x11i5rnm xat24cr x1mh8g0r x1vvkbs x126k92a\">\n<div dir=\"auto\">Os invitamos a participar entre los d\u00edas 17 de abril al 20 de abril en las Jornadas de Historia Contempor\u00e1nea organizas por el CECBAC :<\/div>\n<div dir=\"auto\"><\/div>\n<\/div>\n<div class=\"x11i5rnm xat24cr x1mh8g0r x1vvkbs xtlvy1s x126k92a\">\n<div dir=\"auto\"><strong>Mi\u00e9rcoles,17 de abril, 19:15h. Casa de Cultura<\/strong>.<\/div>\n<div dir=\"auto\">Presentaci\u00f3n del libro \u00bb Arag\u00f3n 1918 La Gripe Espa\u00f1ola\u00bb, a cargo de su autor Luis Antonio Palacio Pilac\u00e9s<\/div>\n<div dir=\"auto\"><\/div>\n<\/div>\n<div class=\"x11i5rnm xat24cr x1mh8g0r x1vvkbs xtlvy1s x126k92a\">\n<div dir=\"auto\"><strong>Jueves, 18 de abril, 19:15h. Casa de Cultura.<\/strong><\/div>\n<div dir=\"auto\">Presentaci\u00f3n documental : \u00bb Carretera a Gusen\u00bb de Alex Civera.<\/div>\n<\/div>\n<div class=\"x11i5rnm xat24cr x1mh8g0r x1vvkbs xtlvy1s x126k92a\">\n<div dir=\"auto\">Viernes, 19 de abril, 20 h. Castillo del Compromiso.<\/div>\n<div dir=\"auto\">Presentaci\u00f3n del libro: \u00bb El Carcelero\u00bb a cargo de su autor Javier Benito.<\/div>\n<div dir=\"auto\"><\/div>\n<\/div>\n<div class=\"x11i5rnm xat24cr x1mh8g0r x1vvkbs xtlvy1s x126k92a\">\n<div dir=\"auto\"><strong>S\u00e1bado, 20 de abril:<\/strong><\/div>\n<div dir=\"auto\"><\/div>\n<\/div>\n<div class=\"x11i5rnm xat24cr x1mh8g0r x1vvkbs xtlvy1s x126k92a\">\n<div dir=\"auto\"><strong>12:00 h. Sede del CECBAC.<\/strong><\/div>\n<div dir=\"auto\">Proyecci\u00f3n de la pelicula :<\/div>\n<div dir=\"auto\">\u00bb Espa\u00f1a una, Portugal cero. Memorias de un prisionero de guerra\u00bb.<\/div>\n<div dir=\"auto\"><\/div>\n<\/div>\n<div class=\"x11i5rnm xat24cr x1mh8g0r x1vvkbs xtlvy1s x126k92a\">\n<div dir=\"auto\"><strong>18:00 h. Trincheras Plano del Pil\u00f3n.<\/strong><\/div>\n<div dir=\"auto\">Inauguraci\u00f3n de los nuevo paneles interpretativos de las trincheras y a continuaci\u00f3n visita guiada realizada por los investigadores Jos\u00e9 Manuel Guiu y Manuel Garc\u00eda.<\/div>\n<\/div>\n<div class=\"x11i5rnm xat24cr x1mh8g0r x1vvkbs xtlvy1s x126k92a\">\n<div dir=\"auto\"><\/div>\n<\/div>\n[\/vc_column_text][\/vc_column][\/vc_row]\n<\/section>","protected":false},"excerpt":{"rendered":"<p>Jornadas de Historia Contempor\u00e1nea del 17 de abril al 20 de abril organizas por el CECBAC :<\/p>\n <a class=\"more-link\" href=\"https:\/\/www.cecbacaspe.es\/site\/2024\/04\/03\/jornadas-de-historia-contemporanea-2024\/\"><span class=\"more-msg\">Sigue leyendo &rarr;<\/span><\/a>","protected":false},"author":2,"featured_media":1309,"comment_status":"closed","ping_status":"open","sticky":false,"template":"","format":"standard","meta":{"_acf_changed":false,"footnotes":""},"categories":[132],"tags":[133],"acf":[],"_links":{"self":[{"href":"https:\/\/www.cecbacaspe.es\/site\/wp-json\/wp\/v2\/posts\/1310"}],"collection":[{"href":"https:\/\/www.cecbacaspe.es\/site\/wp-json\/wp\/v2\/posts"}],"about":[{"href":"https:\/\/www.cecbacaspe.es\/site\/wp-json\/wp\/v2\/types\/post"}],"author":[{"embeddable":true,"href":"https:\/\/www.cecbacaspe.es\/site\/wp-json\/wp\/v2\/users\/2"}],"replies":[{"embeddable":true,"href":"https:\/\/www.cecbacaspe.es\/site\/wp-json\/wp\/v2\/comments?post=1310"}],"version-history":[{"count":6,"href":"https:\/\/www.cecbacaspe.es\/site\/wp-json\/wp\/v2\/posts\/1310\/revisions"}],"predecessor-version":[{"id":1350,"href":"https:\/\/www.cecbacaspe.es\/site\/wp-json\/wp\/v2\/posts\/1310\/revisions\/1350"}],"wp:featuredmedia":[{"embeddable":true,"href":"https:\/\/www.cecbacaspe.es\/site\/wp-json\/wp\/v2\/media\/1309"}],"wp:attachment":[{"href":"https:\/\/www.cecbacaspe.es\/site\/wp-json\/wp\/v2\/media?parent=1310"}],"wp:term":[{"taxonomy":"category","embeddable":true,"href":"https:\/\/www.cecbacaspe.es\/site\/wp-json\/wp\/v2\/categories?post=1310"},{"taxonomy":"post_tag","embeddable":true,"href":"https:\/\/www.cecbacaspe.es\/site\/wp-json\/wp\/v2\/tags?post=1310"}],"curies":[{"name":"wp","href":"https:\/\/api.w.org\/{rel}","templated":true}]}}