{"id":1375,"date":"2024-08-02T19:34:03","date_gmt":"2024-08-02T17:34:03","guid":{"rendered":"https:\/\/www.cecbacaspe.es\/site\/?p=1375"},"modified":"2024-08-09T19:29:29","modified_gmt":"2024-08-09T17:29:29","slug":"cien-anos-por-lo-menos-los-programas-de-las-fiestas-de-agosto-en-caspe","status":"publish","type":"post","link":"https:\/\/www.cecbacaspe.es\/site\/2024\/08\/02\/cien-anos-por-lo-menos-los-programas-de-las-fiestas-de-agosto-en-caspe\/","title":{"rendered":"CIEN A\u00d1OS, POR LO MENOS.  LOS PROGRAMAS DE LAS FIESTAS DE AGOSTO EN CASPE."},"content":{"rendered":"<section class=\"wpb-content-wrapper\">[vc_row gap=\u00bb10&#8243; equal_height=\u00bbyes\u00bb][vc_column width=\u00bb1\/2&#8243; css=\u00bb.vc_custom_1674844164543{border-top-width: 2px !important;border-right-width: 2px !important;border-bottom-width: 2px !important;border-left-width: 2px !important;border-left-color: #fcd53a !important;border-left-style: solid !important;border-right-color: #fcd53a !important;border-right-style: solid !important;border-top-color: #fcd53a !important;border-top-style: solid !important;border-bottom-color: #fcd53a !important;border-bottom-style: solid !important;border-radius: 10px !important;}\u00bb][vc_column_text]\n<table border=\"0\" width=\"100%\">\n<tbody>\n<tr>\n<td style=\"text-align: right;\" align=\"right\" valign=\"top\">\n<h5>CU\u00c1NDO:<\/h5>\n<\/td>\n<td>&nbsp;<\/p>\n<p>&nbsp;<\/p>\n<p>12 al 18 de agosto de 2024<\/p>\n<p>Horario:<\/p>\n<p>Lunes a s\u00e1bado : 10 h -14 h y 17 h &#8211; 19 h<\/p>\n<p>Domingo: 10 h -14 h<\/td>\n<\/tr>\n<tr>\n<td style=\"text-align: right;\" align=\"right\" valign=\"top\">\n<h5>D\u00d3NDE:<\/h5>\n<\/td>\n<td>Oficina de turismo de Caspe<\/p>\n<p>Plaza Espa\u00f1a n\u00ba 2<\/p>\n<p>50700 Caspe (Zaragoza)<\/td>\n<\/tr>\n<tr>\n<td style=\"padding-left: 40px;\" align=\"right\" valign=\"top\">\n<h5>CONTACTO:<\/h5>\n<\/td>\n<td>CENTRO DE ESTUDIOS COMARCALES DEL BAJO ARAGON<br \/>\n976639088<br \/>\nadministracion@cecbacaspe.es<\/td>\n<\/tr>\n<\/tbody>\n<\/table>\n[\/vc_column_text][\/vc_column][vc_column width=\u00bb1\/2&#8243; css=\u00bb.vc_custom_1674844075664{border: 2px solid #fcd53a !important;border-radius: 10px !important;}\u00bb][vc_gmaps link=\u00bb#E-8_JTNDaWZyYW1lJTIwc3JjJTNEJTIyaHR0cHMlM0ElMkYlMkZ3d3cuZ29vZ2xlLmNvbSUyRm1hcHMlMkZlbWJlZCUzRnBiJTNEJTIxMW0xOCUyMTFtMTIlMjExbTMlMjExZDMwMDAuMzE0NTQwMjAzMzg2NSUyMTJkLTAuMDQyMjY0MTIzNDYyNjgwOSUyMTNkNDEuMjM2NzA1OTA1MzI3NDMlMjEybTMlMjExZjAlMjEyZjAlMjEzZjAlMjEzbTIlMjExaTEwMjQlMjEyaTc2OCUyMTRmMTMuMSUyMTNtMyUyMTFtMiUyMTFzMHhkNWY1NDU0ZjExMGFmMWQlMjUzQTB4NmJlNmY1MzE0NTI2YTY0NSUyMTJzT2ZpY2luYSUyNTIwZGUlMjUyMFR1cmlzbW8lMjUyMGRlJTI1MjBDYXNwZSUyMTVlMCUyMTNtMiUyMTFzZXMlMjEyc2VzJTIxNHYxNzIyNjE5NTU2MTg1JTIxNW0yJTIxMXNlcyUyMTJzZXMlMjIlMjB3aWR0aCUzRCUyMjYwMCUyMiUyMGhlaWdodCUzRCUyMjQ1MCUyMiUyMHN0eWxlJTNEJTIyYm9yZGVyJTNBMCUzQiUyMiUyMGFsbG93ZnVsbHNjcmVlbiUzRCUyMiUyMiUyMGxvYWRpbmclM0QlMjJsYXp5JTIyJTIwcmVmZXJyZXJwb2xpY3klM0QlMjJuby1yZWZlcnJlci13aGVuLWRvd25ncmFkZSUyMiUzRSUzQyUyRmlmcmFtZSUzRQ==\u00bb title=\u00bbOficina Turismo de Caspe\u00bb][\/vc_column][\/vc_row][vc_row gap=\u00bb10&#8243; equal_height=\u00bbyes\u00bb css=\u00bb.vc_custom_1674844842846{margin-top: 20px !important;}\u00bb][vc_column css=\u00bb.vc_custom_1674844164543{border-top-width: 2px !important;border-right-width: 2px !important;border-bottom-width: 2px !important;border-left-width: 2px !important;border-left-color: #fcd53a !important;border-left-style: solid !important;border-right-color: #fcd53a !important;border-right-style: solid !important;border-top-color: #fcd53a !important;border-top-style: solid !important;border-bottom-color: #fcd53a !important;border-bottom-style: solid !important;border-radius: 10px !important;}\u00bb][vc_column_text]\n<div class=\"xdj266r x11i5rnm xat24cr x1mh8g0r x1vvkbs x126k92a\">\n<div dir=\"auto\">Exposici\u00f3n: CIEN A\u00d1OS, POR LO MENOS. LOS PROGRAMAS DE LAS FIESTAS DE AGOSTO EN CASPE. En la Oficina de Turismo, del lunes 12 de agosto al domingo 18. Horario: 10 \u2013 14 y de 17 \u2013 19, domingo solo por la ma\u00f1ana.<\/div>\n<\/div>\n<div class=\"x11i5rnm xat24cr x1mh8g0r x1vvkbs xtlvy1s x126k92a\">\n<div dir=\"auto\">Adem\u00e1s, pases continuos de tres audiovisuales: LAS FIESTAS DE AGOSTO EN EL SIGLO XX (selecci\u00f3n de 80 fotograf\u00edas de todos los tiempos); LAS CARROZAS (montaje con m\u00e1s de un centenar de im\u00e1genes); y LOS PROGRAMAS (portadas de todos los editados desde 1924).<\/div>\n<\/div>\n<div class=\"x11i5rnm xat24cr x1mh8g0r x1vvkbs xtlvy1s x126k92a\">\n<div dir=\"auto\">Organiza el Ayuntamiento de Caspe, el Centro de Estudios Comarcales Bajo Arag\u00f3n-Caspe. Con el asesoramiento del Archivo Gr\u00e1fico ABC-ASD.<\/div>\n<\/div>\n[\/vc_column_text][\/vc_column][\/vc_row][vc_row gap=\u00bb10&#8243; equal_height=\u00bbyes\u00bb css=\u00bb.vc_custom_1674844842846{margin-top: 20px !important;}\u00bb][vc_column css=\u00bb.vc_custom_1674844164543{border-top-width: 2px !important;border-right-width: 2px !important;border-bottom-width: 2px !important;border-left-width: 2px !important;border-left-color: #fcd53a !important;border-left-style: solid !important;border-right-color: #fcd53a !important;border-right-style: solid !important;border-top-color: #fcd53a !important;border-top-style: solid !important;border-bottom-color: #fcd53a !important;border-bottom-style: solid !important;border-radius: 10px !important;}\u00bb][vc_single_image image=\u00bb1368&#8243; img_size=\u00bblarge\u00bb alignment=\u00bbcenter\u00bb onclick=\u00bblink_image\u00bb][\/vc_column][\/vc_row]\n<\/section>","protected":false},"excerpt":{"rendered":"<p>[vc_row gap=\u00bb10&#8243; equal_height=\u00bbyes\u00bb][vc_column width=\u00bb1\/2&#8243; css=\u00bb.vc_custom_1674844164543{border-top-width: 2px !important;border-right-width: 2px !important;border-bottom-width: 2px !important;border-left-width: 2px !important;border-left-color: #fcd53a !important;border-left-style: solid !important;border-right-color: #fcd53a !important;border-right-style: solid !important;border-top-color: #fcd53a !important;border-top-style: solid !important;border-bottom-color: #fcd53a !important;border-bottom-style: solid !important;border-radius: 10px !important;}\u00bb][vc_column_text] CU\u00c1NDO: &nbsp; &nbsp; 12 al 18 de agosto de <span class=\"excerpt-dots\">&hellip;<\/span> <a class=\"more-link\" href=\"https:\/\/www.cecbacaspe.es\/site\/2024\/08\/02\/cien-anos-por-lo-menos-los-programas-de-las-fiestas-de-agosto-en-caspe\/\"><span class=\"more-msg\">Sigue leyendo &rarr;<\/span><\/a><\/p>\n","protected":false},"author":2,"featured_media":0,"comment_status":"closed","ping_status":"open","sticky":false,"template":"","format":"standard","meta":{"_acf_changed":false,"footnotes":""},"categories":[52],"tags":[],"acf":[],"_links":{"self":[{"href":"https:\/\/www.cecbacaspe.es\/site\/wp-json\/wp\/v2\/posts\/1375"}],"collection":[{"href":"https:\/\/www.cecbacaspe.es\/site\/wp-json\/wp\/v2\/posts"}],"about":[{"href":"https:\/\/www.cecbacaspe.es\/site\/wp-json\/wp\/v2\/types\/post"}],"author":[{"embeddable":true,"href":"https:\/\/www.cecbacaspe.es\/site\/wp-json\/wp\/v2\/users\/2"}],"replies":[{"embeddable":true,"href":"https:\/\/www.cecbacaspe.es\/site\/wp-json\/wp\/v2\/comments?post=1375"}],"version-history":[{"count":4,"href":"https:\/\/www.cecbacaspe.es\/site\/wp-json\/wp\/v2\/posts\/1375\/revisions"}],"predecessor-version":[{"id":1379,"href":"https:\/\/www.cecbacaspe.es\/site\/wp-json\/wp\/v2\/posts\/1375\/revisions\/1379"}],"wp:attachment":[{"href":"https:\/\/www.cecbacaspe.es\/site\/wp-json\/wp\/v2\/media?parent=1375"}],"wp:term":[{"taxonomy":"category","embeddable":true,"href":"https:\/\/www.cecbacaspe.es\/site\/wp-json\/wp\/v2\/categories?post=1375"},{"taxonomy":"post_tag","embeddable":true,"href":"https:\/\/www.cecbacaspe.es\/site\/wp-json\/wp\/v2\/tags?post=1375"}],"curies":[{"name":"wp","href":"https:\/\/api.w.org\/{rel}","templated":true}]}}