{"id":1423,"date":"2025-07-29T19:17:31","date_gmt":"2025-07-29T17:17:31","guid":{"rendered":"https:\/\/www.cecbacaspe.es\/site\/?p=1423"},"modified":"2025-07-29T19:17:31","modified_gmt":"2025-07-29T17:17:31","slug":"exposicion-de-maese-perez-cerca-trova-25-julio-al-16-de-agosto","status":"publish","type":"post","link":"https:\/\/www.cecbacaspe.es\/site\/2025\/07\/29\/exposicion-de-maese-perez-cerca-trova-25-julio-al-16-de-agosto\/","title":{"rendered":"Exposici\u00f3n de Maese P\u00e9rez \u00abCerca Trova\u00bb 25 julio al 16 de Agosto"},"content":{"rendered":"<section class=\"wpb-content-wrapper\">[vc_row gap=\u00bb10&#8243; equal_height=\u00bbyes\u00bb][vc_column width=\u00bb1\/2&#8243; css=\u00bb.vc_custom_1674844164543{border-top-width: 2px !important;border-right-width: 2px !important;border-bottom-width: 2px !important;border-left-width: 2px !important;border-left-color: #fcd53a !important;border-left-style: solid !important;border-right-color: #fcd53a !important;border-right-style: solid !important;border-top-color: #fcd53a !important;border-top-style: solid !important;border-bottom-color: #fcd53a !important;border-bottom-style: solid !important;border-radius: 10px !important;}\u00bb][vc_column_text]\n<table border=\"0\" width=\"100%\">\n<tbody>\n<tr>\n<td style=\"text-align: right;\" align=\"right\" valign=\"top\">\n<h5>CUANDO:<\/h5>\n<\/td>\n<td>25 de Julio al 16 de agosto<\/td>\n<\/tr>\n<tr>\n<td style=\"text-align: right;\" align=\"right\" valign=\"top\">\n<h5>D\u00d3NDE:<\/h5>\n<\/td>\n<td>Sala de exposiciones municipal \u00bb Compromiso de Caspe\u00bb<br \/>\nC\/ Mayor 21<br \/>\n50700 Caspe (Zaragoza)<\/td>\n<\/tr>\n<tr>\n<td style=\"padding-left: 40px;\" align=\"right\" valign=\"top\">\n<h5>CONTACTO:<\/h5>\n<\/td>\n<td>CENTRO DE ESTUDIOS COMARCALES DEL BAJO ARAGON<br \/>\n976639088<br \/>\nadministracion@cecbacaspe.es<\/td>\n<\/tr>\n<\/tbody>\n<\/table>\n[\/vc_column_text][\/vc_column][vc_column width=\u00bb1\/2&#8243; css=\u00bb.vc_custom_1674844075664{border: 2px solid #fcd53a !important;border-radius: 10px !important;}\u00bb][vc_gmaps link=\u00bb#E-8_JTNDaWZyYW1lJTIwc3JjJTNEJTIyaHR0cHMlM0ElMkYlMkZ3d3cuZ29vZ2xlLmNvbSUyRm1hcHMlMkZlbWJlZCUzRnBiJTNEJTIxMW0xOCUyMTFtMTIlMjExbTMlMjExZDMwMDAuMzM0NTU3ODQ4NTIyMyUyMTJkLTAuMDQwODI0OTIzNDYyNjkwODM2JTIxM2Q0MS4yMzYyNjk4MDUzNTQzJTIxMm0zJTIxMWYwJTIxMmYwJTIxM2YwJTIxM20yJTIxMWkxMDI0JTIxMmk3NjglMjE0ZjEzLjElMjEzbTMlMjExbTIlMjExczB4ZDVmNTQ1NGEzNDVmODZiJTI1M0EweDU5NzgyZmM3YjJiZDE0ZjUlMjEyc0MuJTI1MjBNYXlvciUyNTJDJTI1MjAyMSUyNTJDJTI1MjA1MDcwMCUyNTIwQ2FzcGUlMjUyQyUyNTIwWmFyYWdvemElMjE1ZTAlMjEzbTIlMjExc2VzJTIxMnNlcyUyMTR2MTc1MzgwOTIyNzMwMiUyMTVtMiUyMTFzZXMlMjEyc2VzJTIyJTIwd2lkdGglM0QlMjI2MDAlMjIlMjBoZWlnaHQlM0QlMjI0NTAlMjIlMjBzdHlsZSUzRCUyMmJvcmRlciUzQTAlM0IlMjIlMjBhbGxvd2Z1bGxzY3JlZW4lM0QlMjIlMjIlMjBsb2FkaW5nJTNEJTIybGF6eSUyMiUyMHJlZmVycmVycG9saWN5JTNEJTIybm8tcmVmZXJyZXItd2hlbi1kb3duZ3JhZGUlMjIlM0UlM0MlMkZpZnJhbWUlM0U=\u00bb title=\u00bbSala de exposiciones municipal \u00abCompromiso de Caspe\u00ab\u00bb][\/vc_column][\/vc_row][vc_row gap=\u00bb10&#8243; equal_height=\u00bbyes\u00bb css=\u00bb.vc_custom_1674844842846{margin-top: 20px !important;}\u00bb][vc_column css=\u00bb.vc_custom_1674844164543{border-top-width: 2px !important;border-right-width: 2px !important;border-bottom-width: 2px !important;border-left-width: 2px !important;border-left-color: #fcd53a !important;border-left-style: solid !important;border-right-color: #fcd53a !important;border-right-style: solid !important;border-top-color: #fcd53a !important;border-top-style: solid !important;border-bottom-color: #fcd53a !important;border-bottom-style: solid !important;border-radius: 10px !important;}\u00bb][vc_column_text]\n<div class=\"xdj266r x14z9mp xat24cr x1lziwak x1vvkbs x126k92a\">\n<div dir=\"auto\">El Centro de Estudios Comarcales del Bajo Arag\u00f3n-Caspe os invita a la inauguraci\u00f3n de la exposici\u00f3n de Maese P\u00e9rez \u00abCerca Trova\u00bb, el d\u00eda 25 de julio a las 20 h en la sala exposiciones \u00abCompromiso de Caspe\u00bb ( C\/ Mayor 21).<\/div>\n<\/div>\n<div class=\"x14z9mp xat24cr x1lziwak x1vvkbs xtlvy1s x126k92a\">\n<div dir=\"auto\">La exposici\u00f3n se podr\u00e1 visitar entre el 25 de julio y el 16 de agosto. De lunes a viernes de 19 h a 21 h<\/div>\n<div dir=\"auto\">S\u00e1bados de 11,30 h a 13,30 h y de 19 h a 21 h.<\/div>\n<div dir=\"auto\">Domingo de 11,30 h a 13,30 h .<\/div>\n<\/div>\n<div class=\"x14z9mp xat24cr x1lziwak x1vvkbs xtlvy1s x126k92a\">\n<div dir=\"auto\">Os esperamos.<\/div>\n<\/div>\n[\/vc_column_text][\/vc_column][\/vc_row]\n<\/section>","protected":false},"excerpt":{"rendered":"<p>[vc_row gap=\u00bb10&#8243; equal_height=\u00bbyes\u00bb][vc_column width=\u00bb1\/2&#8243; css=\u00bb.vc_custom_1674844164543{border-top-width: 2px !important;border-right-width: 2px !important;border-bottom-width: 2px !important;border-left-width: 2px !important;border-left-color: #fcd53a !important;border-left-style: solid !important;border-right-color: #fcd53a !important;border-right-style: solid !important;border-top-color: #fcd53a !important;border-top-style: solid !important;border-bottom-color: #fcd53a !important;border-bottom-style: solid !important;border-radius: 10px !important;}\u00bb][vc_column_text] CUANDO: 25 de Julio al 16 de agosto D\u00d3NDE: <span class=\"excerpt-dots\">&hellip;<\/span> <a class=\"more-link\" href=\"https:\/\/www.cecbacaspe.es\/site\/2025\/07\/29\/exposicion-de-maese-perez-cerca-trova-25-julio-al-16-de-agosto\/\"><span class=\"more-msg\">Sigue leyendo &rarr;<\/span><\/a><\/p>\n","protected":false},"author":2,"featured_media":1422,"comment_status":"closed","ping_status":"open","sticky":false,"template":"","format":"standard","meta":{"_acf_changed":false,"footnotes":""},"categories":[52],"tags":[138,139],"acf":[],"_links":{"self":[{"href":"https:\/\/www.cecbacaspe.es\/site\/wp-json\/wp\/v2\/posts\/1423"}],"collection":[{"href":"https:\/\/www.cecbacaspe.es\/site\/wp-json\/wp\/v2\/posts"}],"about":[{"href":"https:\/\/www.cecbacaspe.es\/site\/wp-json\/wp\/v2\/types\/post"}],"author":[{"embeddable":true,"href":"https:\/\/www.cecbacaspe.es\/site\/wp-json\/wp\/v2\/users\/2"}],"replies":[{"embeddable":true,"href":"https:\/\/www.cecbacaspe.es\/site\/wp-json\/wp\/v2\/comments?post=1423"}],"version-history":[{"count":3,"href":"https:\/\/www.cecbacaspe.es\/site\/wp-json\/wp\/v2\/posts\/1423\/revisions"}],"predecessor-version":[{"id":1426,"href":"https:\/\/www.cecbacaspe.es\/site\/wp-json\/wp\/v2\/posts\/1423\/revisions\/1426"}],"wp:featuredmedia":[{"embeddable":true,"href":"https:\/\/www.cecbacaspe.es\/site\/wp-json\/wp\/v2\/media\/1422"}],"wp:attachment":[{"href":"https:\/\/www.cecbacaspe.es\/site\/wp-json\/wp\/v2\/media?parent=1423"}],"wp:term":[{"taxonomy":"category","embeddable":true,"href":"https:\/\/www.cecbacaspe.es\/site\/wp-json\/wp\/v2\/categories?post=1423"},{"taxonomy":"post_tag","embeddable":true,"href":"https:\/\/www.cecbacaspe.es\/site\/wp-json\/wp\/v2\/tags?post=1423"}],"curies":[{"name":"wp","href":"https:\/\/api.w.org\/{rel}","templated":true}]}}