{"id":1435,"date":"2025-09-09T19:50:28","date_gmt":"2025-09-09T17:50:28","guid":{"rendered":"https:\/\/www.cecbacaspe.es\/site\/?p=1435"},"modified":"2025-09-09T19:50:28","modified_gmt":"2025-09-09T17:50:28","slug":"presentacion-del-libro-el-cabezo-de-monleon-excavaciones-de-antonio-beltran-martinez-1952-1964","status":"publish","type":"post","link":"https:\/\/www.cecbacaspe.es\/site\/2025\/09\/09\/presentacion-del-libro-el-cabezo-de-monleon-excavaciones-de-antonio-beltran-martinez-1952-1964\/","title":{"rendered":"Presentaci\u00f3n del libro \u00bb El Cabezo de Monle\u00f3n, excavaciones de Antonio Beltr\u00e1n Mart\u00ednez ( 1952-1964)\u00bb"},"content":{"rendered":"<section class=\"wpb-content-wrapper\">[vc_row gap=\u00bb10&#8243; equal_height=\u00bbyes\u00bb][vc_column width=\u00bb1\/2&#8243; css=\u00bb.vc_custom_1674844164543{border-top-width: 2px !important;border-right-width: 2px !important;border-bottom-width: 2px !important;border-left-width: 2px !important;border-left-color: #fcd53a !important;border-left-style: solid !important;border-right-color: #fcd53a !important;border-right-style: solid !important;border-top-color: #fcd53a !important;border-top-style: solid !important;border-bottom-color: #fcd53a !important;border-bottom-style: solid !important;border-radius: 10px !important;}\u00bb][vc_column_text]\n<table border=\"0\" width=\"100%\">\n<tbody>\n<tr>\n<td style=\"text-align: right;\" align=\"right\" valign=\"top\">\n<h5>CUANDO:<\/h5>\n<\/td>\n<td>12 septiembre, 2025 a las 20:00 h<\/td>\n<\/tr>\n<tr>\n<td style=\"text-align: right;\" align=\"right\" valign=\"top\">\n<h5>D\u00d3NDE:<\/h5>\n<\/td>\n<td>Casa de Cultura<br \/>\nC\/ Guma n\u00ba 32<br \/>\n50700 Caspe (Zaragoza)<\/td>\n<\/tr>\n<tr>\n<td style=\"padding-left: 40px;\" align=\"right\" valign=\"top\">\n<h5>CONTACTO:<\/h5>\n<\/td>\n<td>CENTRO DE ESTUDIOS COMARCALES DEL BAJO ARAGON<br \/>\n976639088<br \/>\nadministracion@cecbacaspe.es<\/td>\n<\/tr>\n<\/tbody>\n<\/table>\n[\/vc_column_text][\/vc_column][vc_column width=\u00bb1\/2&#8243; css=\u00bb.vc_custom_1674844075664{border: 2px solid #fcd53a !important;border-radius: 10px !important;}\u00bb][vc_gmaps link=\u00bb#E-8_JTNDaWZyYW1lJTIwc3JjJTNEJTIyaHR0cHMlM0ElMkYlMkZ3d3cuZ29vZ2xlLmNvbSUyRm1hcHMlMkZlbWJlZCUzRnBiJTNEJTIxMW0xOCUyMTFtMTIlMjExbTMlMjExZDMxNS4zNjk3ODg1ODczNzE3JTIxMmQtMC4wNDMzODk3ODMwMjk4MjkyOSUyMTNkNDEuMjM2NTk1NjgwODkxODI0JTIxMm0zJTIxMWYwJTIxMmYwJTIxM2YwJTIxM20yJTIxMWkxMDI0JTIxMmk3NjglMjE0ZjEzLjElMjEzbTMlMjExbTIlMjExczB4ZDVmNTQ1NmMxNWZiYjExJTI1M0EweGRiYTg0MjBlM2RmZGIwYSUyMTJzQy4lMjUyMEd1bSUyNUMzJTI1QTElMjUyQyUyNTIwMzUlMjUyQyUyNTIwNTA3MDAlMjUyMENhc3BlJTI1MkMlMjUyMFphcmFnb3phJTIxNWUwJTIxM20yJTIxMXNlcyUyMTJzZXMlMjE0djE2NzQ4NDMyMTYwMDIlMjE1bTIlMjExc2VzJTIxMnNlcyUyMiUyMHdpZHRoJTNEJTIyNjAwJTIyJTIwaGVpZ2h0JTNEJTIyNDUwJTIyJTIwc3R5bGUlM0QlMjJib3JkZXIlM0EwJTNCJTIyJTIwYWxsb3dmdWxsc2NyZWVuJTNEJTIyJTIyJTIwbG9hZGluZyUzRCUyMmxhenklMjIlMjByZWZlcnJlcnBvbGljeSUzRCUyMm5vLXJlZmVycmVyLXdoZW4tZG93bmdyYWRlJTIyJTNFJTNDJTJGaWZyYW1lJTNF\u00bb title=\u00bbCasa de Cultura\u00bb][\/vc_column][\/vc_row][vc_row gap=\u00bb10&#8243; equal_height=\u00bbyes\u00bb css=\u00bb.vc_custom_1674844842846{margin-top: 20px !important;}\u00bb][vc_column css=\u00bb.vc_custom_1674844164543{border-top-width: 2px !important;border-right-width: 2px !important;border-bottom-width: 2px !important;border-left-width: 2px !important;border-left-color: #fcd53a !important;border-left-style: solid !important;border-right-color: #fcd53a !important;border-right-style: solid !important;border-top-color: #fcd53a !important;border-top-style: solid !important;border-bottom-color: #fcd53a !important;border-bottom-style: solid !important;border-radius: 10px !important;}\u00bb][vc_column_text]\n<div dir=\"auto\">El Centro de Estudios Comarcales del Bajo Arag\u00f3n-Caspe os invita a la presentaci\u00f3n del libro \u00bb El Cabezo de Monle\u00f3n, excavaciones de Antonio Beltr\u00e1n Mart\u00ednez ( 1952-1964)\u00bb por parte del autor Jos\u00e9 Mar\u00eda Rodan\u00e9s Vicente.<\/div>\n<div dir=\"auto\">En la Casa de Cultura de Caspe, el viernes d\u00eda 12 de septiembre a las 20:00 h<\/div>\n<div dir=\"auto\">Os esperamos.<\/div>\n[\/vc_column_text][\/vc_column][\/vc_row][vc_row gap=\u00bb10&#8243; equal_height=\u00bbyes\u00bb css=\u00bb.vc_custom_1674844842846{margin-top: 20px !important;}\u00bb][vc_column css=\u00bb.vc_custom_1674844164543{border-top-width: 2px !important;border-right-width: 2px !important;border-bottom-width: 2px !important;border-left-width: 2px !important;border-left-color: #fcd53a !important;border-left-style: solid !important;border-right-color: #fcd53a !important;border-right-style: solid !important;border-top-color: #fcd53a !important;border-top-style: solid !important;border-bottom-color: #fcd53a !important;border-bottom-style: solid !important;border-radius: 10px !important;}\u00bb][\/vc_column][\/vc_row]\n<\/section>","protected":false},"excerpt":{"rendered":"<p>[vc_row gap=\u00bb10&#8243; equal_height=\u00bbyes\u00bb][vc_column width=\u00bb1\/2&#8243; css=\u00bb.vc_custom_1674844164543{border-top-width: 2px !important;border-right-width: 2px !important;border-bottom-width: 2px !important;border-left-width: 2px !important;border-left-color: #fcd53a !important;border-left-style: solid !important;border-right-color: #fcd53a !important;border-right-style: solid !important;border-top-color: #fcd53a !important;border-top-style: solid !important;border-bottom-color: #fcd53a !important;border-bottom-style: solid !important;border-radius: 10px !important;}\u00bb][vc_column_text] CUANDO: 12 septiembre, 2025 a las 20:00 h D\u00d3NDE: <span class=\"excerpt-dots\">&hellip;<\/span> <a class=\"more-link\" href=\"https:\/\/www.cecbacaspe.es\/site\/2025\/09\/09\/presentacion-del-libro-el-cabezo-de-monleon-excavaciones-de-antonio-beltran-martinez-1952-1964\/\"><span class=\"more-msg\">Sigue leyendo &rarr;<\/span><\/a><\/p>\n","protected":false},"author":2,"featured_media":1429,"comment_status":"closed","ping_status":"open","sticky":false,"template":"","format":"standard","meta":{"_acf_changed":false,"footnotes":""},"categories":[1],"tags":[],"acf":[],"_links":{"self":[{"href":"https:\/\/www.cecbacaspe.es\/site\/wp-json\/wp\/v2\/posts\/1435"}],"collection":[{"href":"https:\/\/www.cecbacaspe.es\/site\/wp-json\/wp\/v2\/posts"}],"about":[{"href":"https:\/\/www.cecbacaspe.es\/site\/wp-json\/wp\/v2\/types\/post"}],"author":[{"embeddable":true,"href":"https:\/\/www.cecbacaspe.es\/site\/wp-json\/wp\/v2\/users\/2"}],"replies":[{"embeddable":true,"href":"https:\/\/www.cecbacaspe.es\/site\/wp-json\/wp\/v2\/comments?post=1435"}],"version-history":[{"count":2,"href":"https:\/\/www.cecbacaspe.es\/site\/wp-json\/wp\/v2\/posts\/1435\/revisions"}],"predecessor-version":[{"id":1437,"href":"https:\/\/www.cecbacaspe.es\/site\/wp-json\/wp\/v2\/posts\/1435\/revisions\/1437"}],"wp:featuredmedia":[{"embeddable":true,"href":"https:\/\/www.cecbacaspe.es\/site\/wp-json\/wp\/v2\/media\/1429"}],"wp:attachment":[{"href":"https:\/\/www.cecbacaspe.es\/site\/wp-json\/wp\/v2\/media?parent=1435"}],"wp:term":[{"taxonomy":"category","embeddable":true,"href":"https:\/\/www.cecbacaspe.es\/site\/wp-json\/wp\/v2\/categories?post=1435"},{"taxonomy":"post_tag","embeddable":true,"href":"https:\/\/www.cecbacaspe.es\/site\/wp-json\/wp\/v2\/tags?post=1435"}],"curies":[{"name":"wp","href":"https:\/\/api.w.org\/{rel}","templated":true}]}}