{"id":1473,"date":"2026-04-13T20:53:43","date_gmt":"2026-04-13T18:53:43","guid":{"rendered":"https:\/\/www.cecbacaspe.es\/site\/?p=1473"},"modified":"2026-04-13T20:53:43","modified_gmt":"2026-04-13T18:53:43","slug":"presentacion-del-libro-sepulchra-et-dominae-la-huella-del-roma-en-el-bajo-aragon-caspe-por-parte-del-autor-nicolas-jose-vicente-bordonaba-benito-en-la-casa-de-cultura-de-caspe-el-sabado-dia-18","status":"publish","type":"post","link":"https:\/\/www.cecbacaspe.es\/site\/2026\/04\/13\/presentacion-del-libro-sepulchra-et-dominae-la-huella-del-roma-en-el-bajo-aragon-caspe-por-parte-del-autor-nicolas-jose-vicente-bordonaba-benito-en-la-casa-de-cultura-de-caspe-el-sabado-dia-18\/","title":{"rendered":"presentaci\u00f3n del libro \u00bb Sepulchra et dominae. La huella del Roma en el Bajo Arag\u00f3n Caspe\u00bb por parte del autor Nicolas Jos\u00e9 Vicente Bordonaba Benito En la Casa de Cultura de Caspe, el s\u00e1bado d\u00eda 18 de abril a las 19:30 h"},"content":{"rendered":"<section class=\"wpb-content-wrapper\">[vc_row gap=\u00bb10&#8243; equal_height=\u00bbyes\u00bb][vc_column width=\u00bb1\/2&#8243; css=\u00bb.vc_custom_1674844164543{border-top-width: 2px !important;border-right-width: 2px !important;border-bottom-width: 2px !important;border-left-width: 2px !important;border-left-color: #fcd53a !important;border-left-style: solid !important;border-right-color: #fcd53a !important;border-right-style: solid !important;border-top-color: #fcd53a !important;border-top-style: solid !important;border-bottom-color: #fcd53a !important;border-bottom-style: solid !important;border-radius: 10px !important;}\u00bb][vc_column_text]\n<table border=\"0\" width=\"100%\">\n<tbody>\n<tr>\n<td style=\"text-align: right;\" align=\"right\" valign=\"top\">\n<h5>CUANDO:<\/h5>\n<\/td>\n<td>18 de abril , 2026 a las 19:30 \u2013 20:30<\/td>\n<\/tr>\n<tr>\n<td style=\"text-align: right;\" align=\"right\" valign=\"top\">\n<h5>D\u00d3NDE:<\/h5>\n<\/td>\n<td>Casa de Cultura<br \/>\nC\/ Guma n\u00ba 32<br \/>\n50700 Caspe (Zaragoza)<\/td>\n<\/tr>\n<tr>\n<td style=\"padding-left: 40px;\" align=\"right\" valign=\"top\">\n<h5>CONTACTO:<\/h5>\n<\/td>\n<td>CENTRO DE ESTUDIOS COMARCALES DEL BAJO ARAGON<br \/>\n976639088<br \/>\nadministracion@cecbacaspe.es<\/td>\n<\/tr>\n<\/tbody>\n<\/table>\n[\/vc_column_text][\/vc_column][vc_column width=\u00bb1\/2&#8243; css=\u00bb.vc_custom_1674844075664{border: 2px solid #fcd53a !important;border-radius: 10px !important;}\u00bb][vc_gmaps link=\u00bb#E-8_JTNDaWZyYW1lJTIwc3JjJTNEJTIyaHR0cHMlM0ElMkYlMkZ3d3cuZ29vZ2xlLmNvbSUyRm1hcHMlMkZlbWJlZCUzRnBiJTNEJTIxMW0xOCUyMTFtMTIlMjExbTMlMjExZDMxNS4zNjk3ODg1ODczNzE3JTIxMmQtMC4wNDMzODk3ODMwMjk4MjkyOSUyMTNkNDEuMjM2NTk1NjgwODkxODI0JTIxMm0zJTIxMWYwJTIxMmYwJTIxM2YwJTIxM20yJTIxMWkxMDI0JTIxMmk3NjglMjE0ZjEzLjElMjEzbTMlMjExbTIlMjExczB4ZDVmNTQ1NmMxNWZiYjExJTI1M0EweGRiYTg0MjBlM2RmZGIwYSUyMTJzQy4lMjUyMEd1bSUyNUMzJTI1QTElMjUyQyUyNTIwMzUlMjUyQyUyNTIwNTA3MDAlMjUyMENhc3BlJTI1MkMlMjUyMFphcmFnb3phJTIxNWUwJTIxM20yJTIxMXNlcyUyMTJzZXMlMjE0djE2NzQ4NDMyMTYwMDIlMjE1bTIlMjExc2VzJTIxMnNlcyUyMiUyMHdpZHRoJTNEJTIyNjAwJTIyJTIwaGVpZ2h0JTNEJTIyNDUwJTIyJTIwc3R5bGUlM0QlMjJib3JkZXIlM0EwJTNCJTIyJTIwYWxsb3dmdWxsc2NyZWVuJTNEJTIyJTIyJTIwbG9hZGluZyUzRCUyMmxhenklMjIlMjByZWZlcnJlcnBvbGljeSUzRCUyMm5vLXJlZmVycmVyLXdoZW4tZG93bmdyYWRlJTIyJTNFJTNDJTJGaWZyYW1lJTNF\u00bb title=\u00bbCasa de Cultura\u00bb][\/vc_column][\/vc_row][vc_row gap=\u00bb10&#8243; equal_height=\u00bbyes\u00bb css=\u00bb.vc_custom_1674844842846{margin-top: 20px !important;}\u00bb][vc_column css=\u00bb.vc_custom_1674844164543{border-top-width: 2px !important;border-right-width: 2px !important;border-bottom-width: 2px !important;border-left-width: 2px !important;border-left-color: #fcd53a !important;border-left-style: solid !important;border-right-color: #fcd53a !important;border-right-style: solid !important;border-top-color: #fcd53a !important;border-top-style: solid !important;border-bottom-color: #fcd53a !important;border-bottom-style: solid !important;border-radius: 10px !important;}\u00bb][vc_column_text]\n<div dir=\"auto\">El Centro de Estudios Comarcales del Bajo Arag\u00f3n-Caspe os invita a la presentaci\u00f3n del libro \u00bb Sepulchra et dominae. La huella del Roma en el Bajo Arag\u00f3n Caspe\u00bb por parte del autor Nicolas Jos\u00e9 Vicente Bordonaba Benito<\/div>\n<div dir=\"auto\">En la Casa de Cultura de Caspe, el s\u00e1bado d\u00eda 18 de abril a las 19:30 h<\/div>\n<div dir=\"auto\">Os esperamos.<\/div>\n[\/vc_column_text][\/vc_column][\/vc_row]\n<\/section>","protected":false},"excerpt":{"rendered":"<p>[vc_row gap=\u00bb10&#8243; equal_height=\u00bbyes\u00bb][vc_column width=\u00bb1\/2&#8243; css=\u00bb.vc_custom_1674844164543{border-top-width: 2px !important;border-right-width: 2px !important;border-bottom-width: 2px !important;border-left-width: 2px !important;border-left-color: #fcd53a !important;border-left-style: solid !important;border-right-color: #fcd53a !important;border-right-style: solid !important;border-top-color: #fcd53a !important;border-top-style: solid !important;border-bottom-color: #fcd53a !important;border-bottom-style: solid !important;border-radius: 10px !important;}\u00bb][vc_column_text] CUANDO: 18 de abril , 2026 a las 19:30 <span class=\"excerpt-dots\">&hellip;<\/span> <a class=\"more-link\" href=\"https:\/\/www.cecbacaspe.es\/site\/2026\/04\/13\/presentacion-del-libro-sepulchra-et-dominae-la-huella-del-roma-en-el-bajo-aragon-caspe-por-parte-del-autor-nicolas-jose-vicente-bordonaba-benito-en-la-casa-de-cultura-de-caspe-el-sabado-dia-18\/\"><span class=\"more-msg\">Sigue leyendo &rarr;<\/span><\/a><\/p>\n","protected":false},"author":2,"featured_media":1472,"comment_status":"closed","ping_status":"open","sticky":false,"template":"","format":"standard","meta":{"_acf_changed":false,"footnotes":""},"categories":[51],"tags":[116,112,117],"acf":[],"_links":{"self":[{"href":"https:\/\/www.cecbacaspe.es\/site\/wp-json\/wp\/v2\/posts\/1473"}],"collection":[{"href":"https:\/\/www.cecbacaspe.es\/site\/wp-json\/wp\/v2\/posts"}],"about":[{"href":"https:\/\/www.cecbacaspe.es\/site\/wp-json\/wp\/v2\/types\/post"}],"author":[{"embeddable":true,"href":"https:\/\/www.cecbacaspe.es\/site\/wp-json\/wp\/v2\/users\/2"}],"replies":[{"embeddable":true,"href":"https:\/\/www.cecbacaspe.es\/site\/wp-json\/wp\/v2\/comments?post=1473"}],"version-history":[{"count":2,"href":"https:\/\/www.cecbacaspe.es\/site\/wp-json\/wp\/v2\/posts\/1473\/revisions"}],"predecessor-version":[{"id":1475,"href":"https:\/\/www.cecbacaspe.es\/site\/wp-json\/wp\/v2\/posts\/1473\/revisions\/1475"}],"wp:featuredmedia":[{"embeddable":true,"href":"https:\/\/www.cecbacaspe.es\/site\/wp-json\/wp\/v2\/media\/1472"}],"wp:attachment":[{"href":"https:\/\/www.cecbacaspe.es\/site\/wp-json\/wp\/v2\/media?parent=1473"}],"wp:term":[{"taxonomy":"category","embeddable":true,"href":"https:\/\/www.cecbacaspe.es\/site\/wp-json\/wp\/v2\/categories?post=1473"},{"taxonomy":"post_tag","embeddable":true,"href":"https:\/\/www.cecbacaspe.es\/site\/wp-json\/wp\/v2\/tags?post=1473"}],"curies":[{"name":"wp","href":"https:\/\/api.w.org\/{rel}","templated":true}]}}